{"id":120,"date":"2016-02-27T10:58:13","date_gmt":"2016-02-27T09:58:13","guid":{"rendered":"http:\/\/atelierdemaxime.fr\/?p=120"},"modified":"2016-04-10T18:16:05","modified_gmt":"2016-04-10T17:16:05","slug":"latelier-de-maxime","status":"publish","type":"post","link":"http:\/\/atelierdemaxime.fr\/?p=120","title":{"rendered":"L&rsquo;Atelier de Maxime"},"content":{"rendered":"<p align=\"center\">Bienvenue sur l&rsquo;Atelier de Maxime,<\/p>\n<p>&nbsp;<\/p>\n<p align=\"center\">L&rsquo;atelier de Maxime habille le cou des femmes et des hommes adeptes de ce petit accessoire de mode <i>so frenchy<\/i>, vintage et authentique.<\/p>\n<p align=\"center\">Toutes ses cr\u00e9ations sont fabriqu\u00e9es et r\u00e9alis\u00e9es dans les r\u00e8gles de l&rsquo;art de la haute couture fran\u00e7aise, ambassadrice de l&rsquo;art de vivre dans ce qu&rsquo;elle a de plus raffin\u00e9, de plus urbain. Le Noble Cachemire ou la Mousseline de Soie Sauvage viendront caresser votre cou et sublimer votre tenue en r\u00e9-affirmant votre personnalit\u00e9.<\/p>\n<p align=\"center\">Du temp\u00e9rament le plus sage aux go\u00fbts les plus audacieux, mes cr\u00e9ations viendront papillonner dans tous vos dressings au cours de l&rsquo;ann\u00e9e et de vos envies. \u00c9l\u00e9gants, boh\u00e8mes, insouciants, distingu\u00e9s, ou plut\u00f4t citadins, baroudeurs, globe-trotteurs et pourquoi pas voluptueux, sensuels ou lascifs : les n\u0153uds papillon de l&rsquo;Atelier de Maxime sont r\u00e9sum\u00e9s en une Collection h\u00e9t\u00e9roclite, souffl\u00e9e par le pass\u00e9 et nou\u00e9e dans le pr\u00e9sent.<\/p>\n<p align=\"center\">Parce qu\u2019il est dans la nature du papillon de prendre son envol, l&rsquo;Atelier a pris la d\u00e9cision de partager cette belle aventure avec vous.<\/p>\n<p>&nbsp;<\/p>\n<p align=\"center\">Papillonnement v\u00f4tre.<\/p>\n<p style=\"text-align: right;\">L&rsquo;Atelier de Maxime<\/p>\n","protected":false},"excerpt":{"rendered":"<p>Bienvenue sur l&rsquo;Atelier de Maxime, &nbsp; L&rsquo;atelier de Maxime habille le cou des femmes et des hommes adeptes de ce petit accessoire [&hellip;]<\/p>\n","protected":false},"author":1,"featured_media":0,"comment_status":"closed","ping_status":"open","sticky":false,"template":"","format":"standard","meta":{"jetpack_post_was_ever_published":false,"_jetpack_newsletter_access":"","_jetpack_dont_email_post_to_subs":false,"_jetpack_newsletter_tier_id":0,"_jetpack_memberships_contains_paywalled_content":false,"_jetpack_memberships_contains_paid_content":false,"footnotes":"","jetpack_publicize_message":"","jetpack_publicize_feature_enabled":true,"jetpack_social_post_already_shared":true,"jetpack_social_options":{"image_generator_settings":{"template":"highway","default_image_id":0,"font":"","enabled":false},"version":2}},"categories":[35,32,1],"tags":[],"class_list":["post-120","post","type-post","status-publish","format-standard","hentry","category-info-actu","category-latelier","category-non-classe"],"jetpack_publicize_connections":[],"jetpack_featured_media_url":"","jetpack_sharing_enabled":true,"jetpack_shortlink":"https:\/\/wp.me\/p7bIv4-1W","jetpack-related-posts":[{"id":133,"url":"http:\/\/atelierdemaxime.fr\/?p=133","url_meta":{"origin":120,"position":0},"title":"Maxime Tedesco","author":"Maxime","date":"27 f\u00e9vrier 2016","format":false,"excerpt":"Derri\u00e8re l\u2019Atelier de Maxime se cache Maxime TEDESCO, jeune mod\u00e9liste lyonnais. C\u2019est dans son atelier que Maxime, depuis octobre 2014, travaille avec la volont\u00e9 de faire du n\u0153ud pap\u2019 un accessoire du quotidien, authentique et original. N\u00e9 en 1988, Maxime a commenc\u00e9 \u00e0 s\u2019int\u00e9resser \u00e0 l\u2019art de la mode \u00e0\u2026","rel":"","context":"Dans &quot;Info-Actu&quot;","block_context":{"text":"Info-Actu","link":"http:\/\/atelierdemaxime.fr\/?cat=35"},"img":{"alt_text":"Maxime Cr\u00e9ateur","src":"https:\/\/i0.wp.com\/atelierdemaxime.fr\/wp-content\/uploads\/2016\/01\/Maxime-Cr%C3%A9ateur-300x257.png?resize=350%2C200","width":350,"height":200},"classes":[]},{"id":1003,"url":"http:\/\/atelierdemaxime.fr\/?p=1003","url_meta":{"origin":120,"position":1},"title":"Lancement de l&rsquo;Atelier de Maxime aux Galeries Lafayette","author":"Maxime","date":"24 septembre 2016","format":false,"excerpt":"\u00c0 l'occasion de la f\u00eate des p\u00e8res, les Galeries Lafayette de Lyon Part Dieu ont accueilli l'Atelier de Maxime. Une semaine durant, l'ensemble de la collection s'est offert aux yeux des visiteurs. Si les papillons de Maxime Tedesco ont remport\u00e9 un franc succ\u00e8s, toute l'\u00e9quipe s'est rendue disponible pour faire\u2026","rel":"","context":"Dans &quot;\u00c9v\u00e9nement&quot;","block_context":{"text":"\u00c9v\u00e9nement","link":"http:\/\/atelierdemaxime.fr\/?cat=34"},"img":{"alt_text":"","src":"https:\/\/i0.wp.com\/atelierdemaxime.fr\/wp-content\/uploads\/2016\/09\/Maxime-Tedesco.jpg?fit=1200%2C675&resize=350%2C200","width":350,"height":200,"srcset":"https:\/\/i0.wp.com\/atelierdemaxime.fr\/wp-content\/uploads\/2016\/09\/Maxime-Tedesco.jpg?fit=1200%2C675&resize=350%2C200 1x, https:\/\/i0.wp.com\/atelierdemaxime.fr\/wp-content\/uploads\/2016\/09\/Maxime-Tedesco.jpg?fit=1200%2C675&resize=525%2C300 1.5x, https:\/\/i0.wp.com\/atelierdemaxime.fr\/wp-content\/uploads\/2016\/09\/Maxime-Tedesco.jpg?fit=1200%2C675&resize=700%2C400 2x, https:\/\/i0.wp.com\/atelierdemaxime.fr\/wp-content\/uploads\/2016\/09\/Maxime-Tedesco.jpg?fit=1200%2C675&resize=1050%2C600 3x"},"classes":[]},{"id":904,"url":"http:\/\/atelierdemaxime.fr\/?p=904","url_meta":{"origin":120,"position":2},"title":"Lancement de l&rsquo;Atelier de Maxime aux Galeries Lafayette Lyon Part-Dieu","author":"Maxime","date":"29 mai 2016","format":false,"excerpt":"Depuis un an Maxime TEDESCO travaille sur le lancement de sa marque : l\u2019Atelier de Maxime. D\u00e9di\u00e9e \u00e0 cet accessoire intemporel, celle-ci propose des n\u0153uds papillons r\u00e9versibles, en \u00e9dition tr\u00e8s limit\u00e9e et confectionn\u00e9s main \u00e0 partir de mati\u00e8res nobles pour habiller le cou des jeunes lyonnais. Les Galeries Lafayette Lyon\u2026","rel":"","context":"Dans &quot;\u00c9v\u00e9nement&quot;","block_context":{"text":"\u00c9v\u00e9nement","link":"http:\/\/atelierdemaxime.fr\/?cat=34"},"img":{"alt_text":"GaleriesNewsLetter","src":"https:\/\/i0.wp.com\/atelierdemaxime.fr\/wp-content\/uploads\/2016\/05\/GaleriesNewsLetter-300x150.png?resize=350%2C200","width":350,"height":200},"classes":[]},{"id":789,"url":"http:\/\/atelierdemaxime.fr\/?p=789","url_meta":{"origin":120,"position":3},"title":"Le noeud papillon au f\u00e9minin","author":"Maxime","date":"12 mars 2016","format":false,"excerpt":"Ce n'est pas un hasard si l'Atelier de Maxime a d\u00e9cid\u00e9 d'embellir le cou des femmes en proposant des papillons aux styles tendances, romantiques, r\u00e9tros ou d\u00e9cal\u00e9s. Outre le fait qu'il soit un accessoire\u00a0particuli\u00e8rement styl\u00e9 l'histoire nous apprend que le\u00a0n\u0153ud\u00a0papillon n'a jamais \u00e9t\u00e9 r\u00e9serv\u00e9 aux hommes... et c'est encore moins\u2026","rel":"","context":"Dans &quot;Astuces Modes&quot;","block_context":{"text":"Astuces Modes","link":"http:\/\/atelierdemaxime.fr\/?cat=33"},"img":{"alt_text":"","src":"https:\/\/i0.wp.com\/atelierdemaxime.fr\/wp-content\/uploads\/2016\/03\/12822999_10208437734768152_668674259_o.jpg?fit=1200%2C801&resize=350%2C200","width":350,"height":200,"srcset":"https:\/\/i0.wp.com\/atelierdemaxime.fr\/wp-content\/uploads\/2016\/03\/12822999_10208437734768152_668674259_o.jpg?fit=1200%2C801&resize=350%2C200 1x, https:\/\/i0.wp.com\/atelierdemaxime.fr\/wp-content\/uploads\/2016\/03\/12822999_10208437734768152_668674259_o.jpg?fit=1200%2C801&resize=525%2C300 1.5x, https:\/\/i0.wp.com\/atelierdemaxime.fr\/wp-content\/uploads\/2016\/03\/12822999_10208437734768152_668674259_o.jpg?fit=1200%2C801&resize=700%2C400 2x, https:\/\/i0.wp.com\/atelierdemaxime.fr\/wp-content\/uploads\/2016\/03\/12822999_10208437734768152_668674259_o.jpg?fit=1200%2C801&resize=1050%2C600 3x"},"classes":[]},{"id":765,"url":"http:\/\/atelierdemaxime.fr\/?p=765","url_meta":{"origin":120,"position":4},"title":"Le tuto de l&rsquo;Atelier","author":"Maxime","date":"1 mars 2016","format":"video","excerpt":"Parce que les papillons de l'Atelier sont authentiques, nous vous proposons un tutoriel en vid\u00e9o pour nouer pas \u00e0 pas votre papillon. D\u00e9couvrez la seconde vid\u00e9o de l'Atelier sans plus attendre !","rel":"","context":"Dans &quot;Astuces Modes&quot;","block_context":{"text":"Astuces Modes","link":"http:\/\/atelierdemaxime.fr\/?cat=33"},"img":{"alt_text":"","src":"","width":0,"height":0},"classes":[]},{"id":145,"url":"http:\/\/atelierdemaxime.fr\/?p=145","url_meta":{"origin":120,"position":5},"title":"La Collection en vid\u00e9o","author":"Maxime","date":"27 f\u00e9vrier 2016","format":"video","excerpt":"L'Atelier de Maxime pr\u00e9sente sa collection de n\u0153uds papillon pour hommes et pour femmes dans son nouveau site internet.","rel":"","context":"Dans &quot;Info-Actu&quot;","block_context":{"text":"Info-Actu","link":"http:\/\/atelierdemaxime.fr\/?cat=35"},"img":{"alt_text":"","src":"","width":0,"height":0},"classes":[]}],"_links":{"self":[{"href":"http:\/\/atelierdemaxime.fr\/index.php?rest_route=\/wp\/v2\/posts\/120","targetHints":{"allow":["GET"]}}],"collection":[{"href":"http:\/\/atelierdemaxime.fr\/index.php?rest_route=\/wp\/v2\/posts"}],"about":[{"href":"http:\/\/atelierdemaxime.fr\/index.php?rest_route=\/wp\/v2\/types\/post"}],"author":[{"embeddable":true,"href":"http:\/\/atelierdemaxime.fr\/index.php?rest_route=\/wp\/v2\/users\/1"}],"replies":[{"embeddable":true,"href":"http:\/\/atelierdemaxime.fr\/index.php?rest_route=%2Fwp%2Fv2%2Fcomments&post=120"}],"version-history":[{"count":5,"href":"http:\/\/atelierdemaxime.fr\/index.php?rest_route=\/wp\/v2\/posts\/120\/revisions"}],"predecessor-version":[{"id":891,"href":"http:\/\/atelierdemaxime.fr\/index.php?rest_route=\/wp\/v2\/posts\/120\/revisions\/891"}],"wp:attachment":[{"href":"http:\/\/atelierdemaxime.fr\/index.php?rest_route=%2Fwp%2Fv2%2Fmedia&parent=120"}],"wp:term":[{"taxonomy":"category","embeddable":true,"href":"http:\/\/atelierdemaxime.fr\/index.php?rest_route=%2Fwp%2Fv2%2Fcategories&post=120"},{"taxonomy":"post_tag","embeddable":true,"href":"http:\/\/atelierdemaxime.fr\/index.php?rest_route=%2Fwp%2Fv2%2Ftags&post=120"}],"curies":[{"name":"wp","href":"https:\/\/api.w.org\/{rel}","templated":true}]}}